{"id":162,"date":"2025-01-05T13:48:05","date_gmt":"2025-01-05T12:48:05","guid":{"rendered":"https:\/\/silverconferencecenter.pl\/index.php\/2025\/01\/05\/jakie-zalety-ma-wynajem-kontenerow-magazynowych\/"},"modified":"2026-04-03T03:09:12","modified_gmt":"2026-04-03T01:09:12","slug":"jakie-zalety-ma-wynajem-kontenerow-magazynowych","status":"publish","type":"post","link":"https:\/\/silverconferencecenter.pl\/index.php\/2025\/01\/05\/jakie-zalety-ma-wynajem-kontenerow-magazynowych\/","title":{"rendered":"Jakie zalety ma wynajem kontener\u00f3w magazynowych?"},"content":{"rendered":"<p>Wynajem kontener\u00f3w magazynowych sta\u0142 si\u0119 jednym z najbardziej efektywnych rozwi\u0105za\u0144 dla firm oraz os\u00f3b prywatnych, kt\u00f3re poszukuj\u0105 elastycznego i wygodnego sposobu przechowywania towar\u00f3w lub rzeczy osobistych. Z roku na rok ro\u015bnie liczba przedsi\u0119biorstw, kt\u00f3re decyduj\u0105 si\u0119 na t\u0119 form\u0119 przechowywania, doceniaj\u0105c liczne zalety wynikaj\u0105ce z tego rozwi\u0105zania. Co takiego sprawia, \u017ce wynajem kontener\u00f3w magazynowych sta\u0142 si\u0119 tak popularny? W niniejszym artykule zostan\u0105 przedstawione kluczowe zalety wynajmu kontener\u00f3w, kt\u00f3re mog\u0105 zach\u0119ci\u0107 do rozwa\u017cenia tej opcji przez r\u00f3\u017cne grupy u\u017cytkownik\u00f3w.<\/p>\n<h2>Elastyczno\u015b\u0107 i dost\u0119pno\u015b\u0107 \u2013 g\u0142\u00f3wne zalety wynajmu kontener\u00f3w magazynowych<\/h2>\n<p>Wynajem kontener\u00f3w magazynowych charakteryzuje si\u0119 du\u017c\u0105 elastyczno\u015bci\u0105, kt\u00f3ra w znacznym stopniu u\u0142atwia zarz\u0105dzanie przestrzeni\u0105 magazynow\u0105. Mo\u017cliwo\u015b\u0107 wynaj\u0119cia kontenera na czas okre\u015blony lub nieokre\u015blony pozwala dopasowa\u0107 rozwi\u0105zanie do aktualnych potrzeb przedsi\u0119biorstwa czy osoby prywatnej. Nie ma konieczno\u015bci inwestowania w zakup w\u0142asnych kontener\u00f3w, co znacz\u0105co zmniejsza koszty pocz\u0105tkowe. Co wi\u0119cej, wynajem kontener\u00f3w magazynowych jest dost\u0119pny w r\u00f3\u017cnych rozmiarach i konfiguracjach, co umo\u017cliwia znalezienie idealnego rozwi\u0105zania w zale\u017cno\u015bci od rodzaju przechowywanych przedmiot\u00f3w. W zale\u017cno\u015bci od potrzeb mo\u017cna wynaj\u0105\u0107 kontener o odpowiednich parametrach, zar\u00f3wno do przechowywania towar\u00f3w, jak i przedmiot\u00f3w o mniejszych gabarytach.<\/p>\n<h2>Oszcz\u0119dno\u015b\u0107 koszt\u00f3w i brak zobowi\u0105za\u0144<\/h2>\n<p>Jedn\u0105 z najwi\u0119kszych zalet wynajmu kontener\u00f3w magazynowych jest mo\u017cliwo\u015b\u0107 oszcz\u0119dno\u015bci, zar\u00f3wno na etapie pocz\u0105tkowym, jak i w d\u0142u\u017cszej perspektywie. W przeciwie\u0144stwie do zakupu w\u0142asnego kontenera, wynajem pozwala unikn\u0105\u0107 du\u017cych jednorazowych wydatk\u00f3w. Co wi\u0119cej, wynajem kontener\u00f3w magazynowych wi\u0105\u017ce si\u0119 z brakiem d\u0142ugoterminowych zobowi\u0105za\u0144 finansowych, poniewa\u017c op\u0142aty s\u0105 regularne, a czas wynajmu mo\u017cna dostosowa\u0107 do indywidualnych potrzeb. Dla firm oznacza to, \u017ce mog\u0105 zainwestowa\u0107 zaoszcz\u0119dzone \u015brodki w inne obszary dzia\u0142alno\u015bci, jednocze\u015bnie korzystaj\u0105c z odpowiednich rozwi\u0105za\u0144 magazynowych.<\/p>\n<h2>Wysoka jako\u015b\u0107 i bezpiecze\u0144stwo przechowywanych przedmiot\u00f3w<\/h2>\n<p>Kontenery magazynowe wynajmowane przez profesjonalne firmy zazwyczaj charakteryzuj\u0105 si\u0119 wysok\u0105 jako\u015bci\u0105 oraz spe\u0142niaj\u0105 wszelkie standardy bezpiecze\u0144stwa. S\u0105 one wyposa\u017cone w systemy ochrony przed wilgoci\u0105, w\u0142amaniami czy uszkodzeniami mechanicznymi, co zapewnia bezpiecze\u0144stwo przechowywanych w nich towar\u00f3w. Wynajem kontener\u00f3w magazynowych umo\u017cliwia korzystanie z przestrzeni, kt\u00f3ra jest regularnie serwisowana i utrzymywana w dobrym stanie technicznym. To z kolei pozwala u\u017cytkownikom unikn\u0105\u0107 problem\u00f3w zwi\u0105zanych z uszkodzeniami lub nieodpowiednimi warunkami przechowywania. Dba\u0142o\u015b\u0107 o bezpiecze\u0144stwo, jak\u0105 oferuj\u0105 profesjonalni wynajmuj\u0105cy, sprawia, \u017ce jest to rozwi\u0105zanie, kt\u00f3re gwarantuje komfort i spok\u00f3j.<\/p>\n<h2>Przestronno\u015b\u0107 i mobilno\u015b\u0107 wynajmowanych kontener\u00f3w<\/h2>\n<p>Wynajem kontener\u00f3w magazynowych to tak\u017ce wygodne rozwi\u0105zanie, gdy chodzi o mobilno\u015b\u0107 przechowywanych przedmiot\u00f3w. Kontenery magazynowe mo\u017cna \u0142atwo transportowa\u0107 z miejsca na miejsce, co daje dodatkow\u0105 swobod\u0119. Jest to szczeg\u00f3lnie wa\u017cne w przypadku firm, kt\u00f3re potrzebuj\u0105 elastycznych rozwi\u0105za\u0144 logistycznych. Dzi\u0119ki wynajmowi kontener\u00f3w mo\u017cliwe jest tak\u017ce szybkie dostosowanie przestrzeni magazynowej do zmieniaj\u0105cych si\u0119 potrzeb firmy, np. w przypadku zmiany lokalizacji magazynu lub rozwoju dzia\u0142alno\u015bci. Mobilno\u015b\u0107 kontener\u00f3w umo\u017cliwia tak\u017ce ich wykorzystanie w r\u00f3\u017cnych celach, zar\u00f3wno w kontek\u015bcie przechowywania, jak i transportu towar\u00f3w.<\/p>\n<h2>Brak konieczno\u015bci zarz\u0105dzania w\u0142asnym magazynem<\/h2>\n<p>Wynajem kontener\u00f3w magazynowych pozwala r\u00f3wnie\u017c unikn\u0105\u0107 konieczno\u015bci zarz\u0105dzania w\u0142asnym magazynem, co mo\u017ce wi\u0105za\u0107 si\u0119 z dodatkowymi obowi\u0105zkami, takimi jak zatrudnianie pracownik\u00f3w do obs\u0142ugi przestrzeni magazynowej, kontrolowanie stan\u00f3w magazynowych czy dbanie o utrzymanie odpowiednich warunk\u00f3w w magazynie. Wynajmuj\u0105c kontener, u\u017cytkownicy mog\u0105 skupi\u0107 si\u0119 na swojej g\u0142\u00f3wnej dzia\u0142alno\u015bci, nie martwi\u0105c si\u0119 o kwestie zwi\u0105zane z organizowaniem przestrzeni magazynowej. To rozwi\u0105zanie jest szczeg\u00f3lnie korzystne dla mniejszych firm lub os\u00f3b prywatnych, kt\u00f3re nie chc\u0105 anga\u017cowa\u0107 dodatkowych zasob\u00f3w w zarz\u0105dzanie magazynem.<\/p>\n","protected":false},"excerpt":{"rendered":"<p>Wynajem kontener\u00f3w magazynowych sta\u0142 si\u0119 jednym z najbardziej efektywnych rozwi\u0105za\u0144 dla.<\/p>\n","protected":false},"author":0,"featured_media":161,"comment_status":"close","ping_status":"close","sticky":false,"template":"","format":"standard","meta":{"footnotes":""},"categories":[8],"tags":[],"class_list":["post-162","post","type-post","status-publish","format-standard","has-post-thumbnail","hentry","category-przemysl"],"yoast_head":"<!-- This site is optimized with the Yoast SEO plugin v27.4 - https:\/\/yoast.com\/product\/yoast-seo-wordpress\/ -->\n<title>Jakie zalety ma wynajem kontener\u00f3w magazynowych? - silverconferencecenter.pl<\/title>\n<meta name=\"robots\" content=\"index, follow, max-snippet:-1, max-image-preview:large, max-video-preview:-1\" \/>\n<link rel=\"canonical\" href=\"https:\/\/silverconferencecenter.pl\/index.php\/2025\/01\/05\/jakie-zalety-ma-wynajem-kontenerow-magazynowych\/\" \/>\n<meta property=\"og:locale\" content=\"pl_PL\" \/>\n<meta property=\"og:type\" content=\"article\" \/>\n<meta property=\"og:title\" content=\"Jakie zalety ma wynajem kontener\u00f3w magazynowych? - silverconferencecenter.pl\" \/>\n<meta property=\"og:description\" content=\"Wynajem kontener\u00f3w magazynowych sta\u0142 si\u0119 jednym z najbardziej efektywnych rozwi\u0105za\u0144 dla.\" \/>\n<meta property=\"og:url\" content=\"https:\/\/silverconferencecenter.pl\/index.php\/2025\/01\/05\/jakie-zalety-ma-wynajem-kontenerow-magazynowych\/\" \/>\n<meta property=\"og:site_name\" content=\"silverconferencecenter.pl\" \/>\n<meta property=\"article:published_time\" content=\"2025-01-05T12:48:05+00:00\" \/>\n<meta property=\"article:modified_time\" content=\"2026-04-03T01:09:12+00:00\" \/>\n<meta property=\"og:image\" content=\"https:\/\/silverconferencecenter.pl\/wp-content\/uploads\/2025\/01\/jakie-zalety-ma-wynajem-kontenerow-magazynowych.webp\" \/>\n\t<meta property=\"og:image:width\" content=\"1024\" \/>\n\t<meta property=\"og:image:height\" content=\"1024\" \/>\n\t<meta property=\"og:image:type\" content=\"image\/webp\" \/>\n<meta name=\"twitter:card\" content=\"summary_large_image\" \/>\n<meta name=\"twitter:label1\" content=\"Szacowany czas czytania\" \/>\n\t<meta name=\"twitter:data1\" content=\"3 minuty\" \/>\n<script type=\"application\/ld+json\" class=\"yoast-schema-graph\">{\"@context\":\"https:\\\/\\\/schema.org\",\"@graph\":[{\"@type\":\"Article\",\"@id\":\"https:\\\/\\\/silverconferencecenter.pl\\\/index.php\\\/2025\\\/01\\\/05\\\/jakie-zalety-ma-wynajem-kontenerow-magazynowych\\\/#article\",\"isPartOf\":{\"@id\":\"https:\\\/\\\/silverconferencecenter.pl\\\/index.php\\\/2025\\\/01\\\/05\\\/jakie-zalety-ma-wynajem-kontenerow-magazynowych\\\/\"},\"author\":{\"name\":\"\",\"@id\":\"\"},\"headline\":\"Jakie zalety ma wynajem kontener\u00f3w magazynowych?\",\"datePublished\":\"2025-01-05T12:48:05+00:00\",\"dateModified\":\"2026-04-03T01:09:12+00:00\",\"mainEntityOfPage\":{\"@id\":\"https:\\\/\\\/silverconferencecenter.pl\\\/index.php\\\/2025\\\/01\\\/05\\\/jakie-zalety-ma-wynajem-kontenerow-magazynowych\\\/\"},\"wordCount\":671,\"publisher\":{\"@id\":\"https:\\\/\\\/silverconferencecenter.pl\\\/#organization\"},\"image\":{\"@id\":\"https:\\\/\\\/silverconferencecenter.pl\\\/index.php\\\/2025\\\/01\\\/05\\\/jakie-zalety-ma-wynajem-kontenerow-magazynowych\\\/#primaryimage\"},\"thumbnailUrl\":\"https:\\\/\\\/silverconferencecenter.pl\\\/wp-content\\\/uploads\\\/2025\\\/01\\\/jakie-zalety-ma-wynajem-kontenerow-magazynowych.webp\",\"articleSection\":[\"Przemys\u0142\"],\"inLanguage\":\"pl-PL\"},{\"@type\":\"WebPage\",\"@id\":\"https:\\\/\\\/silverconferencecenter.pl\\\/index.php\\\/2025\\\/01\\\/05\\\/jakie-zalety-ma-wynajem-kontenerow-magazynowych\\\/\",\"url\":\"https:\\\/\\\/silverconferencecenter.pl\\\/index.php\\\/2025\\\/01\\\/05\\\/jakie-zalety-ma-wynajem-kontenerow-magazynowych\\\/\",\"name\":\"Jakie zalety ma wynajem kontener\u00f3w magazynowych? - silverconferencecenter.pl\",\"isPartOf\":{\"@id\":\"https:\\\/\\\/silverconferencecenter.pl\\\/#website\"},\"primaryImageOfPage\":{\"@id\":\"https:\\\/\\\/silverconferencecenter.pl\\\/index.php\\\/2025\\\/01\\\/05\\\/jakie-zalety-ma-wynajem-kontenerow-magazynowych\\\/#primaryimage\"},\"image\":{\"@id\":\"https:\\\/\\\/silverconferencecenter.pl\\\/index.php\\\/2025\\\/01\\\/05\\\/jakie-zalety-ma-wynajem-kontenerow-magazynowych\\\/#primaryimage\"},\"thumbnailUrl\":\"https:\\\/\\\/silverconferencecenter.pl\\\/wp-content\\\/uploads\\\/2025\\\/01\\\/jakie-zalety-ma-wynajem-kontenerow-magazynowych.webp\",\"datePublished\":\"2025-01-05T12:48:05+00:00\",\"dateModified\":\"2026-04-03T01:09:12+00:00\",\"breadcrumb\":{\"@id\":\"https:\\\/\\\/silverconferencecenter.pl\\\/index.php\\\/2025\\\/01\\\/05\\\/jakie-zalety-ma-wynajem-kontenerow-magazynowych\\\/#breadcrumb\"},\"inLanguage\":\"pl-PL\",\"potentialAction\":[{\"@type\":\"ReadAction\",\"target\":[\"https:\\\/\\\/silverconferencecenter.pl\\\/index.php\\\/2025\\\/01\\\/05\\\/jakie-zalety-ma-wynajem-kontenerow-magazynowych\\\/\"]}]},{\"@type\":\"ImageObject\",\"inLanguage\":\"pl-PL\",\"@id\":\"https:\\\/\\\/silverconferencecenter.pl\\\/index.php\\\/2025\\\/01\\\/05\\\/jakie-zalety-ma-wynajem-kontenerow-magazynowych\\\/#primaryimage\",\"url\":\"https:\\\/\\\/silverconferencecenter.pl\\\/wp-content\\\/uploads\\\/2025\\\/01\\\/jakie-zalety-ma-wynajem-kontenerow-magazynowych.webp\",\"contentUrl\":\"https:\\\/\\\/silverconferencecenter.pl\\\/wp-content\\\/uploads\\\/2025\\\/01\\\/jakie-zalety-ma-wynajem-kontenerow-magazynowych.webp\",\"width\":1024,\"height\":1024},{\"@type\":\"BreadcrumbList\",\"@id\":\"https:\\\/\\\/silverconferencecenter.pl\\\/index.php\\\/2025\\\/01\\\/05\\\/jakie-zalety-ma-wynajem-kontenerow-magazynowych\\\/#breadcrumb\",\"itemListElement\":[{\"@type\":\"ListItem\",\"position\":1,\"name\":\"Strona g\u0142\u00f3wna\",\"item\":\"https:\\\/\\\/silverconferencecenter.pl\\\/\"},{\"@type\":\"ListItem\",\"position\":2,\"name\":\"Jakie zalety ma wynajem kontener\u00f3w magazynowych?\"}]},{\"@type\":\"WebSite\",\"@id\":\"https:\\\/\\\/silverconferencecenter.pl\\\/#website\",\"url\":\"https:\\\/\\\/silverconferencecenter.pl\\\/\",\"name\":\"silverconferencecenter.pl\",\"description\":\"Tw\u00f3j ulubiony blog!\",\"publisher\":{\"@id\":\"https:\\\/\\\/silverconferencecenter.pl\\\/#organization\"},\"potentialAction\":[{\"@type\":\"SearchAction\",\"target\":{\"@type\":\"EntryPoint\",\"urlTemplate\":\"https:\\\/\\\/silverconferencecenter.pl\\\/?s={search_term_string}\"},\"query-input\":{\"@type\":\"PropertyValueSpecification\",\"valueRequired\":true,\"valueName\":\"search_term_string\"}}],\"inLanguage\":\"pl-PL\"},{\"@type\":\"Organization\",\"@id\":\"https:\\\/\\\/silverconferencecenter.pl\\\/#organization\",\"name\":\"silverconferencecenter.pl\",\"url\":\"https:\\\/\\\/silverconferencecenter.pl\\\/\",\"logo\":{\"@type\":\"ImageObject\",\"inLanguage\":\"pl-PL\",\"@id\":\"https:\\\/\\\/silverconferencecenter.pl\\\/#\\\/schema\\\/logo\\\/image\\\/\",\"url\":\"https:\\\/\\\/silverconferencecenter.pl\\\/wp-content\\\/uploads\\\/2023\\\/07\\\/Screenshot-11.png\",\"contentUrl\":\"https:\\\/\\\/silverconferencecenter.pl\\\/wp-content\\\/uploads\\\/2023\\\/07\\\/Screenshot-11.png\",\"width\":486,\"height\":116,\"caption\":\"silverconferencecenter.pl\"},\"image\":{\"@id\":\"https:\\\/\\\/silverconferencecenter.pl\\\/#\\\/schema\\\/logo\\\/image\\\/\"}}]}<\/script>\n<!-- \/ Yoast SEO plugin. -->","yoast_head_json":{"title":"Jakie zalety ma wynajem kontener\u00f3w magazynowych? - silverconferencecenter.pl","robots":{"index":"index","follow":"follow","max-snippet":"max-snippet:-1","max-image-preview":"max-image-preview:large","max-video-preview":"max-video-preview:-1"},"canonical":"https:\/\/silverconferencecenter.pl\/index.php\/2025\/01\/05\/jakie-zalety-ma-wynajem-kontenerow-magazynowych\/","og_locale":"pl_PL","og_type":"article","og_title":"Jakie zalety ma wynajem kontener\u00f3w magazynowych? - silverconferencecenter.pl","og_description":"Wynajem kontener\u00f3w magazynowych sta\u0142 si\u0119 jednym z najbardziej efektywnych rozwi\u0105za\u0144 dla.","og_url":"https:\/\/silverconferencecenter.pl\/index.php\/2025\/01\/05\/jakie-zalety-ma-wynajem-kontenerow-magazynowych\/","og_site_name":"silverconferencecenter.pl","article_published_time":"2025-01-05T12:48:05+00:00","article_modified_time":"2026-04-03T01:09:12+00:00","og_image":[{"width":1024,"height":1024,"url":"https:\/\/silverconferencecenter.pl\/wp-content\/uploads\/2025\/01\/jakie-zalety-ma-wynajem-kontenerow-magazynowych.webp","type":"image\/webp"}],"twitter_card":"summary_large_image","twitter_misc":{"Szacowany czas czytania":"3 minuty"},"schema":{"@context":"https:\/\/schema.org","@graph":[{"@type":"Article","@id":"https:\/\/silverconferencecenter.pl\/index.php\/2025\/01\/05\/jakie-zalety-ma-wynajem-kontenerow-magazynowych\/#article","isPartOf":{"@id":"https:\/\/silverconferencecenter.pl\/index.php\/2025\/01\/05\/jakie-zalety-ma-wynajem-kontenerow-magazynowych\/"},"author":{"name":"","@id":""},"headline":"Jakie zalety ma wynajem kontener\u00f3w magazynowych?","datePublished":"2025-01-05T12:48:05+00:00","dateModified":"2026-04-03T01:09:12+00:00","mainEntityOfPage":{"@id":"https:\/\/silverconferencecenter.pl\/index.php\/2025\/01\/05\/jakie-zalety-ma-wynajem-kontenerow-magazynowych\/"},"wordCount":671,"publisher":{"@id":"https:\/\/silverconferencecenter.pl\/#organization"},"image":{"@id":"https:\/\/silverconferencecenter.pl\/index.php\/2025\/01\/05\/jakie-zalety-ma-wynajem-kontenerow-magazynowych\/#primaryimage"},"thumbnailUrl":"https:\/\/silverconferencecenter.pl\/wp-content\/uploads\/2025\/01\/jakie-zalety-ma-wynajem-kontenerow-magazynowych.webp","articleSection":["Przemys\u0142"],"inLanguage":"pl-PL"},{"@type":"WebPage","@id":"https:\/\/silverconferencecenter.pl\/index.php\/2025\/01\/05\/jakie-zalety-ma-wynajem-kontenerow-magazynowych\/","url":"https:\/\/silverconferencecenter.pl\/index.php\/2025\/01\/05\/jakie-zalety-ma-wynajem-kontenerow-magazynowych\/","name":"Jakie zalety ma wynajem kontener\u00f3w magazynowych? - silverconferencecenter.pl","isPartOf":{"@id":"https:\/\/silverconferencecenter.pl\/#website"},"primaryImageOfPage":{"@id":"https:\/\/silverconferencecenter.pl\/index.php\/2025\/01\/05\/jakie-zalety-ma-wynajem-kontenerow-magazynowych\/#primaryimage"},"image":{"@id":"https:\/\/silverconferencecenter.pl\/index.php\/2025\/01\/05\/jakie-zalety-ma-wynajem-kontenerow-magazynowych\/#primaryimage"},"thumbnailUrl":"https:\/\/silverconferencecenter.pl\/wp-content\/uploads\/2025\/01\/jakie-zalety-ma-wynajem-kontenerow-magazynowych.webp","datePublished":"2025-01-05T12:48:05+00:00","dateModified":"2026-04-03T01:09:12+00:00","breadcrumb":{"@id":"https:\/\/silverconferencecenter.pl\/index.php\/2025\/01\/05\/jakie-zalety-ma-wynajem-kontenerow-magazynowych\/#breadcrumb"},"inLanguage":"pl-PL","potentialAction":[{"@type":"ReadAction","target":["https:\/\/silverconferencecenter.pl\/index.php\/2025\/01\/05\/jakie-zalety-ma-wynajem-kontenerow-magazynowych\/"]}]},{"@type":"ImageObject","inLanguage":"pl-PL","@id":"https:\/\/silverconferencecenter.pl\/index.php\/2025\/01\/05\/jakie-zalety-ma-wynajem-kontenerow-magazynowych\/#primaryimage","url":"https:\/\/silverconferencecenter.pl\/wp-content\/uploads\/2025\/01\/jakie-zalety-ma-wynajem-kontenerow-magazynowych.webp","contentUrl":"https:\/\/silverconferencecenter.pl\/wp-content\/uploads\/2025\/01\/jakie-zalety-ma-wynajem-kontenerow-magazynowych.webp","width":1024,"height":1024},{"@type":"BreadcrumbList","@id":"https:\/\/silverconferencecenter.pl\/index.php\/2025\/01\/05\/jakie-zalety-ma-wynajem-kontenerow-magazynowych\/#breadcrumb","itemListElement":[{"@type":"ListItem","position":1,"name":"Strona g\u0142\u00f3wna","item":"https:\/\/silverconferencecenter.pl\/"},{"@type":"ListItem","position":2,"name":"Jakie zalety ma wynajem kontener\u00f3w magazynowych?"}]},{"@type":"WebSite","@id":"https:\/\/silverconferencecenter.pl\/#website","url":"https:\/\/silverconferencecenter.pl\/","name":"silverconferencecenter.pl","description":"Tw\u00f3j ulubiony blog!","publisher":{"@id":"https:\/\/silverconferencecenter.pl\/#organization"},"potentialAction":[{"@type":"SearchAction","target":{"@type":"EntryPoint","urlTemplate":"https:\/\/silverconferencecenter.pl\/?s={search_term_string}"},"query-input":{"@type":"PropertyValueSpecification","valueRequired":true,"valueName":"search_term_string"}}],"inLanguage":"pl-PL"},{"@type":"Organization","@id":"https:\/\/silverconferencecenter.pl\/#organization","name":"silverconferencecenter.pl","url":"https:\/\/silverconferencecenter.pl\/","logo":{"@type":"ImageObject","inLanguage":"pl-PL","@id":"https:\/\/silverconferencecenter.pl\/#\/schema\/logo\/image\/","url":"https:\/\/silverconferencecenter.pl\/wp-content\/uploads\/2023\/07\/Screenshot-11.png","contentUrl":"https:\/\/silverconferencecenter.pl\/wp-content\/uploads\/2023\/07\/Screenshot-11.png","width":486,"height":116,"caption":"silverconferencecenter.pl"},"image":{"@id":"https:\/\/silverconferencecenter.pl\/#\/schema\/logo\/image\/"}}]}},"_links":{"self":[{"href":"https:\/\/silverconferencecenter.pl\/index.php\/wp-json\/wp\/v2\/posts\/162","targetHints":{"allow":["GET"]}}],"collection":[{"href":"https:\/\/silverconferencecenter.pl\/index.php\/wp-json\/wp\/v2\/posts"}],"about":[{"href":"https:\/\/silverconferencecenter.pl\/index.php\/wp-json\/wp\/v2\/types\/post"}],"replies":[{"embeddable":true,"href":"https:\/\/silverconferencecenter.pl\/index.php\/wp-json\/wp\/v2\/comments?post=162"}],"version-history":[{"count":1,"href":"https:\/\/silverconferencecenter.pl\/index.php\/wp-json\/wp\/v2\/posts\/162\/revisions"}],"predecessor-version":[{"id":240,"href":"https:\/\/silverconferencecenter.pl\/index.php\/wp-json\/wp\/v2\/posts\/162\/revisions\/240"}],"wp:featuredmedia":[{"embeddable":true,"href":"https:\/\/silverconferencecenter.pl\/index.php\/wp-json\/wp\/v2\/media\/161"}],"wp:attachment":[{"href":"https:\/\/silverconferencecenter.pl\/index.php\/wp-json\/wp\/v2\/media?parent=162"}],"wp:term":[{"taxonomy":"category","embeddable":true,"href":"https:\/\/silverconferencecenter.pl\/index.php\/wp-json\/wp\/v2\/categories?post=162"},{"taxonomy":"post_tag","embeddable":true,"href":"https:\/\/silverconferencecenter.pl\/index.php\/wp-json\/wp\/v2\/tags?post=162"}],"curies":[{"name":"wp","href":"https:\/\/api.w.org\/{rel}","templated":true}]}}