{"id":191,"date":"2025-05-05T14:53:06","date_gmt":"2025-05-05T12:53:06","guid":{"rendered":"https:\/\/silverconferencecenter.pl\/index.php\/2025\/05\/05\/jakie-naklejki-wielkoformatowe-na-sciane-sa-teraz-modne\/"},"modified":"2025-05-05T14:53:06","modified_gmt":"2025-05-05T12:53:06","slug":"jakie-naklejki-wielkoformatowe-na-sciane-sa-teraz-modne","status":"publish","type":"post","link":"https:\/\/silverconferencecenter.pl\/index.php\/2025\/05\/05\/jakie-naklejki-wielkoformatowe-na-sciane-sa-teraz-modne\/","title":{"rendered":"Jakie naklejki wielkoformatowe na \u015bcian\u0119 s\u0105 teraz modne?"},"content":{"rendered":"<p>W \u015bwiecie, w kt\u00f3rym wn\u0119trza m\u00f3wi\u0105 o nas wi\u0119cej ni\u017c niejedno s\u0142owo, ro\u015bnie potrzeba nadania przestrzeni osobistego tonu \u2014 nie tylko poprzez meble czy kolory, lecz tak\u017ce poprzez detale, kt\u00f3re maj\u0105 moc kreowania nastroju. W\u0142a\u015bnie w tym miejscu pojawiaj\u0105 si\u0119 <a href=\"https:\/\/goprint.waw.pl\/oferta\/druk-naklejek-warszawa\/\">naklejki wielkoformatowe na \u015bcian\u0119<\/a>, kt\u00f3re staj\u0105 si\u0119 czym\u015b wi\u0119cej ni\u017c dekoracj\u0105 \u2014 staj\u0105 si\u0119 emocj\u0105, wspomnieniem lub manifestem estetycznym. Ten artyku\u0142 powsta\u0142 z my\u015bl\u0105 o tych, kt\u00f3rzy szukaj\u0105 pomys\u0142\u00f3w na to, jak w nowoczesny spos\u00f3b ozdobi\u0107 \u015bciany, nadaj\u0105c im g\u0142\u0119bi\u0119 i charakter. A \u017ce moda na \u015bcienne ozdoby wraca z si\u0142\u0105, jakiej nie widzieli\u015bmy od lat, warto przyjrze\u0107 si\u0119 temu, co obecnie kr\u00f3luje we wn\u0119trzach.<\/p>\n<h2>Motywy natury w nowoczesnym wydaniu<\/h2>\n<p>Jednym z najmocniejszych trend\u00f3w, kt\u00f3ry obecnie dominuje w dekoracji \u015bcian, s\u0105 naklejki wielkoformatowe na \u015bcian\u0119 przedstawiaj\u0105ce motywy ro\u015blinne i krajobrazy. Wzory z li\u015b\u0107mi monstery, bambusami czy g\u00f3rskimi panoramami nie tylko przyci\u0105gaj\u0105 wzrok, ale te\u017c wprowadzaj\u0105 do wn\u0119trza atmosfer\u0119 spokoju i harmonii. Co ciekawe, coraz wi\u0119cej os\u00f3b wybiera subtelne, akwarelowe kompozycje, kt\u00f3re przypominaj\u0105 dzie\u0142a sztuki, a nie zwyk\u0142e naklejki. To spos\u00f3b na po\u0142\u0105czenie przyrody z nowoczesn\u0105 estetyk\u0105, kt\u00f3ry dzia\u0142a koj\u0105co na zmys\u0142y.<\/p>\n<h2>Cytaty i typografia jako spos\u00f3b wyrazu<\/h2>\n<p>S\u0142owo ma moc. A kiedy zostaje zapisane du\u017cym, wyrazistym fontem i umieszczone na \u015bcianie, staje si\u0119 niemal osobistym manifestem. Dlatego w\u0142a\u015bnie naklejki wielkoformatowe na \u015bcian\u0119 z inspiruj\u0105cymi cytatami, sentencjami czy nawet pojedynczymi s\u0142owami wci\u0105\u017c zyskuj\u0105 na popularno\u015bci. W zale\u017cno\u015bci od pomieszczenia \u2014 czy to salon, sypialnia czy przestrze\u0144 biurowa \u2014 mo\u017cna dopasowa\u0107 przekaz do potrzeb i emocji, jakie chce si\u0119 w danym miejscu wzbudzi\u0107. To subtelny, a zarazem wyrazisty spos\u00f3b na personalizacj\u0119 wn\u0119trza.<\/p>\n<h2>Abstrakcja i geometryczne formy<\/h2>\n<p>W nowoczesnych wn\u0119trzach nie brakuje odwagi w \u0142\u0105czeniu r\u00f3\u017cnych styl\u00f3w, faktur i kolor\u00f3w. Dlatego naklejki wielkoformatowe na \u015bcian\u0119 w formie geometrycznych wzor\u00f3w lub abstrakcyjnych kompozycji idealnie wpisuj\u0105 si\u0119 w aktualne trendy. Cz\u0119sto wykorzystywane s\u0105 do stworzenia efektu tr\u00f3jwymiarowo\u015bci lub do optycznego powi\u0119kszenia przestrzeni, co sprawdza si\u0119 zw\u0142aszcza w mniejszych mieszkaniach. Takie wzory przyci\u0105gaj\u0105 uwag\u0119 i stanowi\u0105 mocny punkt aran\u017cacji, jednocze\u015bnie nie dominuj\u0105c ca\u0142ego pomieszczenia.<\/p>\n<h2>Dzieci\u0119ce pokoje pe\u0142ne wyobra\u017ani<\/h2>\n<p>Nie mo\u017cna zapomnie\u0107 o najm\u0142odszych, dla kt\u00f3rych pok\u00f3j jest ca\u0142ym \u015bwiatem \u2014 miejscem zabawy, snu, nauki i marze\u0144. W tym kontek\u015bcie naklejki wielkoformatowe na \u015bcian\u0119 staj\u0105 si\u0119 narz\u0119dziem kreowania bajkowej rzeczywisto\u015bci. Wzory z postaciami z ba\u015bni, mapami \u015bwiata, chmurkami czy zwierz\u0119tami przenosz\u0105 dziecko w inne \u015bwiaty i wspieraj\u0105 jego rozw\u00f3j wyobra\u017ani. Co wi\u0119cej, takie naklejki s\u0105 \u0142atwe do zmiany, co pozwala na dostosowanie przestrzeni do wieku i zmieniaj\u0105cych si\u0119 zainteresowa\u0144 dziecka.<\/p>\n<h2>Personalizacja i minimalizm<\/h2>\n<p>Cho\u0107 wiele os\u00f3b stawia na wyraziste akcenty, r\u00f3wnie modnym kierunkiem s\u0105 naklejki wielkoformatowe na \u015bcian\u0119 w stylu minimalistycznym \u2014 cz\u0119sto czarno-bia\u0142e, z delikatn\u0105 kresk\u0105, oszcz\u0119dne w formie, ale mocne w przekazie. To idealna propozycja dla tych, kt\u00f3rzy ceni\u0105 sobie czysto\u015b\u0107 przestrzeni, ale nie chc\u0105 rezygnowa\u0107 z jej indywidualnego charakteru. Taki minimalizm nie oznacza nudy \u2014 przeciwnie, \u015bwiadczy o wyczuciu stylu i umiej\u0119tno\u015bci opowiadania o sobie poprzez drobne szczeg\u00f3\u0142y.<\/p>\n<h2>Wyraz osobowo\u015bci na \u015bcianie<\/h2>\n<p>Niezale\u017cnie od tego, czy kto\u015b marzy o salonie inspirowanym natur\u0105, sypialni pe\u0142nej inspiruj\u0105cych s\u0142\u00f3w, czy pokoju dziecka, kt\u00f3ry b\u0119dzie przestrzeni\u0105 marze\u0144 \u2014 naklejki wielkoformatowe na \u015bcian\u0119 daj\u0105 dzi\u015b nieograniczone mo\u017cliwo\u015bci aran\u017cacyjne. Ich si\u0142a tkwi w prostocie monta\u017cu, trwa\u0142o\u015bci i ogromie dost\u0119pnych wzor\u00f3w, kt\u00f3re mo\u017cna dopasowa\u0107 do ka\u017cdego stylu \u017cycia i wn\u0119trza. To nie tylko modny dodatek, ale przede wszystkim osobisty znak obecno\u015bci w danym miejscu.<\/p>\n","protected":false},"excerpt":{"rendered":"<p>W \u015bwiecie, w kt\u00f3rym wn\u0119trza m\u00f3wi\u0105 o nas wi\u0119cej ni\u017c niejedno.<\/p>\n","protected":false},"author":0,"featured_media":190,"comment_status":"close","ping_status":"close","sticky":false,"template":"","format":"standard","meta":{"footnotes":""},"categories":[5],"tags":[],"class_list":["post-191","post","type-post","status-publish","format-standard","has-post-thumbnail","hentry","category-dom-i-ogrod"],"yoast_head":"<!-- This site is optimized with the Yoast SEO plugin v27.4 - https:\/\/yoast.com\/product\/yoast-seo-wordpress\/ -->\n<title>Jakie naklejki wielkoformatowe na \u015bcian\u0119 s\u0105 teraz modne? - silverconferencecenter.pl<\/title>\n<meta name=\"robots\" content=\"index, follow, max-snippet:-1, max-image-preview:large, max-video-preview:-1\" \/>\n<link rel=\"canonical\" href=\"https:\/\/silverconferencecenter.pl\/index.php\/2025\/05\/05\/jakie-naklejki-wielkoformatowe-na-sciane-sa-teraz-modne\/\" \/>\n<meta property=\"og:locale\" content=\"pl_PL\" \/>\n<meta property=\"og:type\" content=\"article\" \/>\n<meta property=\"og:title\" content=\"Jakie naklejki wielkoformatowe na \u015bcian\u0119 s\u0105 teraz modne? - silverconferencecenter.pl\" \/>\n<meta property=\"og:description\" content=\"W \u015bwiecie, w kt\u00f3rym wn\u0119trza m\u00f3wi\u0105 o nas wi\u0119cej ni\u017c niejedno.\" \/>\n<meta property=\"og:url\" content=\"https:\/\/silverconferencecenter.pl\/index.php\/2025\/05\/05\/jakie-naklejki-wielkoformatowe-na-sciane-sa-teraz-modne\/\" \/>\n<meta property=\"og:site_name\" content=\"silverconferencecenter.pl\" \/>\n<meta property=\"article:published_time\" content=\"2025-05-05T12:53:06+00:00\" \/>\n<meta name=\"twitter:card\" content=\"summary_large_image\" \/>\n<meta name=\"twitter:label1\" content=\"Szacowany czas czytania\" \/>\n\t<meta name=\"twitter:data1\" content=\"3 minuty\" \/>\n<script type=\"application\/ld+json\" class=\"yoast-schema-graph\">{\"@context\":\"https:\\\/\\\/schema.org\",\"@graph\":[{\"@type\":\"Article\",\"@id\":\"https:\\\/\\\/silverconferencecenter.pl\\\/index.php\\\/2025\\\/05\\\/05\\\/jakie-naklejki-wielkoformatowe-na-sciane-sa-teraz-modne\\\/#article\",\"isPartOf\":{\"@id\":\"https:\\\/\\\/silverconferencecenter.pl\\\/index.php\\\/2025\\\/05\\\/05\\\/jakie-naklejki-wielkoformatowe-na-sciane-sa-teraz-modne\\\/\"},\"author\":{\"name\":\"\",\"@id\":\"\"},\"headline\":\"Jakie naklejki wielkoformatowe na \u015bcian\u0119 s\u0105 teraz modne?\",\"datePublished\":\"2025-05-05T12:53:06+00:00\",\"mainEntityOfPage\":{\"@id\":\"https:\\\/\\\/silverconferencecenter.pl\\\/index.php\\\/2025\\\/05\\\/05\\\/jakie-naklejki-wielkoformatowe-na-sciane-sa-teraz-modne\\\/\"},\"wordCount\":658,\"publisher\":{\"@id\":\"https:\\\/\\\/silverconferencecenter.pl\\\/#organization\"},\"image\":{\"@id\":\"https:\\\/\\\/silverconferencecenter.pl\\\/index.php\\\/2025\\\/05\\\/05\\\/jakie-naklejki-wielkoformatowe-na-sciane-sa-teraz-modne\\\/#primaryimage\"},\"thumbnailUrl\":\"https:\\\/\\\/silverconferencecenter.pl\\\/wp-content\\\/uploads\\\/2025\\\/05\\\/jakie-naklejki-wielkoformatowe-na-sciane-sa-teraz-modne.webp\",\"articleSection\":[\"Dom i ogr\u00f3d\"],\"inLanguage\":\"pl-PL\"},{\"@type\":\"WebPage\",\"@id\":\"https:\\\/\\\/silverconferencecenter.pl\\\/index.php\\\/2025\\\/05\\\/05\\\/jakie-naklejki-wielkoformatowe-na-sciane-sa-teraz-modne\\\/\",\"url\":\"https:\\\/\\\/silverconferencecenter.pl\\\/index.php\\\/2025\\\/05\\\/05\\\/jakie-naklejki-wielkoformatowe-na-sciane-sa-teraz-modne\\\/\",\"name\":\"Jakie naklejki wielkoformatowe na \u015bcian\u0119 s\u0105 teraz modne? - silverconferencecenter.pl\",\"isPartOf\":{\"@id\":\"https:\\\/\\\/silverconferencecenter.pl\\\/#website\"},\"primaryImageOfPage\":{\"@id\":\"https:\\\/\\\/silverconferencecenter.pl\\\/index.php\\\/2025\\\/05\\\/05\\\/jakie-naklejki-wielkoformatowe-na-sciane-sa-teraz-modne\\\/#primaryimage\"},\"image\":{\"@id\":\"https:\\\/\\\/silverconferencecenter.pl\\\/index.php\\\/2025\\\/05\\\/05\\\/jakie-naklejki-wielkoformatowe-na-sciane-sa-teraz-modne\\\/#primaryimage\"},\"thumbnailUrl\":\"https:\\\/\\\/silverconferencecenter.pl\\\/wp-content\\\/uploads\\\/2025\\\/05\\\/jakie-naklejki-wielkoformatowe-na-sciane-sa-teraz-modne.webp\",\"datePublished\":\"2025-05-05T12:53:06+00:00\",\"breadcrumb\":{\"@id\":\"https:\\\/\\\/silverconferencecenter.pl\\\/index.php\\\/2025\\\/05\\\/05\\\/jakie-naklejki-wielkoformatowe-na-sciane-sa-teraz-modne\\\/#breadcrumb\"},\"inLanguage\":\"pl-PL\",\"potentialAction\":[{\"@type\":\"ReadAction\",\"target\":[\"https:\\\/\\\/silverconferencecenter.pl\\\/index.php\\\/2025\\\/05\\\/05\\\/jakie-naklejki-wielkoformatowe-na-sciane-sa-teraz-modne\\\/\"]}]},{\"@type\":\"ImageObject\",\"inLanguage\":\"pl-PL\",\"@id\":\"https:\\\/\\\/silverconferencecenter.pl\\\/index.php\\\/2025\\\/05\\\/05\\\/jakie-naklejki-wielkoformatowe-na-sciane-sa-teraz-modne\\\/#primaryimage\",\"url\":\"https:\\\/\\\/silverconferencecenter.pl\\\/wp-content\\\/uploads\\\/2025\\\/05\\\/jakie-naklejki-wielkoformatowe-na-sciane-sa-teraz-modne.webp\",\"contentUrl\":\"https:\\\/\\\/silverconferencecenter.pl\\\/wp-content\\\/uploads\\\/2025\\\/05\\\/jakie-naklejki-wielkoformatowe-na-sciane-sa-teraz-modne.webp\",\"width\":1024,\"height\":1024},{\"@type\":\"BreadcrumbList\",\"@id\":\"https:\\\/\\\/silverconferencecenter.pl\\\/index.php\\\/2025\\\/05\\\/05\\\/jakie-naklejki-wielkoformatowe-na-sciane-sa-teraz-modne\\\/#breadcrumb\",\"itemListElement\":[{\"@type\":\"ListItem\",\"position\":1,\"name\":\"Strona g\u0142\u00f3wna\",\"item\":\"https:\\\/\\\/silverconferencecenter.pl\\\/\"},{\"@type\":\"ListItem\",\"position\":2,\"name\":\"Jakie naklejki wielkoformatowe na \u015bcian\u0119 s\u0105 teraz modne?\"}]},{\"@type\":\"WebSite\",\"@id\":\"https:\\\/\\\/silverconferencecenter.pl\\\/#website\",\"url\":\"https:\\\/\\\/silverconferencecenter.pl\\\/\",\"name\":\"silverconferencecenter.pl\",\"description\":\"Tw\u00f3j ulubiony blog!\",\"publisher\":{\"@id\":\"https:\\\/\\\/silverconferencecenter.pl\\\/#organization\"},\"potentialAction\":[{\"@type\":\"SearchAction\",\"target\":{\"@type\":\"EntryPoint\",\"urlTemplate\":\"https:\\\/\\\/silverconferencecenter.pl\\\/?s={search_term_string}\"},\"query-input\":{\"@type\":\"PropertyValueSpecification\",\"valueRequired\":true,\"valueName\":\"search_term_string\"}}],\"inLanguage\":\"pl-PL\"},{\"@type\":\"Organization\",\"@id\":\"https:\\\/\\\/silverconferencecenter.pl\\\/#organization\",\"name\":\"silverconferencecenter.pl\",\"url\":\"https:\\\/\\\/silverconferencecenter.pl\\\/\",\"logo\":{\"@type\":\"ImageObject\",\"inLanguage\":\"pl-PL\",\"@id\":\"https:\\\/\\\/silverconferencecenter.pl\\\/#\\\/schema\\\/logo\\\/image\\\/\",\"url\":\"https:\\\/\\\/silverconferencecenter.pl\\\/wp-content\\\/uploads\\\/2023\\\/07\\\/Screenshot-11.png\",\"contentUrl\":\"https:\\\/\\\/silverconferencecenter.pl\\\/wp-content\\\/uploads\\\/2023\\\/07\\\/Screenshot-11.png\",\"width\":486,\"height\":116,\"caption\":\"silverconferencecenter.pl\"},\"image\":{\"@id\":\"https:\\\/\\\/silverconferencecenter.pl\\\/#\\\/schema\\\/logo\\\/image\\\/\"}}]}<\/script>\n<!-- \/ Yoast SEO plugin. -->","yoast_head_json":{"title":"Jakie naklejki wielkoformatowe na \u015bcian\u0119 s\u0105 teraz modne? - silverconferencecenter.pl","robots":{"index":"index","follow":"follow","max-snippet":"max-snippet:-1","max-image-preview":"max-image-preview:large","max-video-preview":"max-video-preview:-1"},"canonical":"https:\/\/silverconferencecenter.pl\/index.php\/2025\/05\/05\/jakie-naklejki-wielkoformatowe-na-sciane-sa-teraz-modne\/","og_locale":"pl_PL","og_type":"article","og_title":"Jakie naklejki wielkoformatowe na \u015bcian\u0119 s\u0105 teraz modne? - silverconferencecenter.pl","og_description":"W \u015bwiecie, w kt\u00f3rym wn\u0119trza m\u00f3wi\u0105 o nas wi\u0119cej ni\u017c niejedno.","og_url":"https:\/\/silverconferencecenter.pl\/index.php\/2025\/05\/05\/jakie-naklejki-wielkoformatowe-na-sciane-sa-teraz-modne\/","og_site_name":"silverconferencecenter.pl","article_published_time":"2025-05-05T12:53:06+00:00","twitter_card":"summary_large_image","twitter_misc":{"Szacowany czas czytania":"3 minuty"},"schema":{"@context":"https:\/\/schema.org","@graph":[{"@type":"Article","@id":"https:\/\/silverconferencecenter.pl\/index.php\/2025\/05\/05\/jakie-naklejki-wielkoformatowe-na-sciane-sa-teraz-modne\/#article","isPartOf":{"@id":"https:\/\/silverconferencecenter.pl\/index.php\/2025\/05\/05\/jakie-naklejki-wielkoformatowe-na-sciane-sa-teraz-modne\/"},"author":{"name":"","@id":""},"headline":"Jakie naklejki wielkoformatowe na \u015bcian\u0119 s\u0105 teraz modne?","datePublished":"2025-05-05T12:53:06+00:00","mainEntityOfPage":{"@id":"https:\/\/silverconferencecenter.pl\/index.php\/2025\/05\/05\/jakie-naklejki-wielkoformatowe-na-sciane-sa-teraz-modne\/"},"wordCount":658,"publisher":{"@id":"https:\/\/silverconferencecenter.pl\/#organization"},"image":{"@id":"https:\/\/silverconferencecenter.pl\/index.php\/2025\/05\/05\/jakie-naklejki-wielkoformatowe-na-sciane-sa-teraz-modne\/#primaryimage"},"thumbnailUrl":"https:\/\/silverconferencecenter.pl\/wp-content\/uploads\/2025\/05\/jakie-naklejki-wielkoformatowe-na-sciane-sa-teraz-modne.webp","articleSection":["Dom i ogr\u00f3d"],"inLanguage":"pl-PL"},{"@type":"WebPage","@id":"https:\/\/silverconferencecenter.pl\/index.php\/2025\/05\/05\/jakie-naklejki-wielkoformatowe-na-sciane-sa-teraz-modne\/","url":"https:\/\/silverconferencecenter.pl\/index.php\/2025\/05\/05\/jakie-naklejki-wielkoformatowe-na-sciane-sa-teraz-modne\/","name":"Jakie naklejki wielkoformatowe na \u015bcian\u0119 s\u0105 teraz modne? - silverconferencecenter.pl","isPartOf":{"@id":"https:\/\/silverconferencecenter.pl\/#website"},"primaryImageOfPage":{"@id":"https:\/\/silverconferencecenter.pl\/index.php\/2025\/05\/05\/jakie-naklejki-wielkoformatowe-na-sciane-sa-teraz-modne\/#primaryimage"},"image":{"@id":"https:\/\/silverconferencecenter.pl\/index.php\/2025\/05\/05\/jakie-naklejki-wielkoformatowe-na-sciane-sa-teraz-modne\/#primaryimage"},"thumbnailUrl":"https:\/\/silverconferencecenter.pl\/wp-content\/uploads\/2025\/05\/jakie-naklejki-wielkoformatowe-na-sciane-sa-teraz-modne.webp","datePublished":"2025-05-05T12:53:06+00:00","breadcrumb":{"@id":"https:\/\/silverconferencecenter.pl\/index.php\/2025\/05\/05\/jakie-naklejki-wielkoformatowe-na-sciane-sa-teraz-modne\/#breadcrumb"},"inLanguage":"pl-PL","potentialAction":[{"@type":"ReadAction","target":["https:\/\/silverconferencecenter.pl\/index.php\/2025\/05\/05\/jakie-naklejki-wielkoformatowe-na-sciane-sa-teraz-modne\/"]}]},{"@type":"ImageObject","inLanguage":"pl-PL","@id":"https:\/\/silverconferencecenter.pl\/index.php\/2025\/05\/05\/jakie-naklejki-wielkoformatowe-na-sciane-sa-teraz-modne\/#primaryimage","url":"https:\/\/silverconferencecenter.pl\/wp-content\/uploads\/2025\/05\/jakie-naklejki-wielkoformatowe-na-sciane-sa-teraz-modne.webp","contentUrl":"https:\/\/silverconferencecenter.pl\/wp-content\/uploads\/2025\/05\/jakie-naklejki-wielkoformatowe-na-sciane-sa-teraz-modne.webp","width":1024,"height":1024},{"@type":"BreadcrumbList","@id":"https:\/\/silverconferencecenter.pl\/index.php\/2025\/05\/05\/jakie-naklejki-wielkoformatowe-na-sciane-sa-teraz-modne\/#breadcrumb","itemListElement":[{"@type":"ListItem","position":1,"name":"Strona g\u0142\u00f3wna","item":"https:\/\/silverconferencecenter.pl\/"},{"@type":"ListItem","position":2,"name":"Jakie naklejki wielkoformatowe na \u015bcian\u0119 s\u0105 teraz modne?"}]},{"@type":"WebSite","@id":"https:\/\/silverconferencecenter.pl\/#website","url":"https:\/\/silverconferencecenter.pl\/","name":"silverconferencecenter.pl","description":"Tw\u00f3j ulubiony blog!","publisher":{"@id":"https:\/\/silverconferencecenter.pl\/#organization"},"potentialAction":[{"@type":"SearchAction","target":{"@type":"EntryPoint","urlTemplate":"https:\/\/silverconferencecenter.pl\/?s={search_term_string}"},"query-input":{"@type":"PropertyValueSpecification","valueRequired":true,"valueName":"search_term_string"}}],"inLanguage":"pl-PL"},{"@type":"Organization","@id":"https:\/\/silverconferencecenter.pl\/#organization","name":"silverconferencecenter.pl","url":"https:\/\/silverconferencecenter.pl\/","logo":{"@type":"ImageObject","inLanguage":"pl-PL","@id":"https:\/\/silverconferencecenter.pl\/#\/schema\/logo\/image\/","url":"https:\/\/silverconferencecenter.pl\/wp-content\/uploads\/2023\/07\/Screenshot-11.png","contentUrl":"https:\/\/silverconferencecenter.pl\/wp-content\/uploads\/2023\/07\/Screenshot-11.png","width":486,"height":116,"caption":"silverconferencecenter.pl"},"image":{"@id":"https:\/\/silverconferencecenter.pl\/#\/schema\/logo\/image\/"}}]}},"_links":{"self":[{"href":"https:\/\/silverconferencecenter.pl\/index.php\/wp-json\/wp\/v2\/posts\/191","targetHints":{"allow":["GET"]}}],"collection":[{"href":"https:\/\/silverconferencecenter.pl\/index.php\/wp-json\/wp\/v2\/posts"}],"about":[{"href":"https:\/\/silverconferencecenter.pl\/index.php\/wp-json\/wp\/v2\/types\/post"}],"replies":[{"embeddable":true,"href":"https:\/\/silverconferencecenter.pl\/index.php\/wp-json\/wp\/v2\/comments?post=191"}],"version-history":[{"count":0,"href":"https:\/\/silverconferencecenter.pl\/index.php\/wp-json\/wp\/v2\/posts\/191\/revisions"}],"wp:featuredmedia":[{"embeddable":true,"href":"https:\/\/silverconferencecenter.pl\/index.php\/wp-json\/wp\/v2\/media\/190"}],"wp:attachment":[{"href":"https:\/\/silverconferencecenter.pl\/index.php\/wp-json\/wp\/v2\/media?parent=191"}],"wp:term":[{"taxonomy":"category","embeddable":true,"href":"https:\/\/silverconferencecenter.pl\/index.php\/wp-json\/wp\/v2\/categories?post=191"},{"taxonomy":"post_tag","embeddable":true,"href":"https:\/\/silverconferencecenter.pl\/index.php\/wp-json\/wp\/v2\/tags?post=191"}],"curies":[{"name":"wp","href":"https:\/\/api.w.org\/{rel}","templated":true}]}}