{"id":24,"date":"2023-07-19T10:52:10","date_gmt":"2023-07-19T08:52:10","guid":{"rendered":"https:\/\/silverconferencecenter.pl\/?p=24"},"modified":"2023-07-19T10:52:11","modified_gmt":"2023-07-19T08:52:11","slug":"jazda-elektrycznymi-samochodami-przyszlosc-motoryzacji","status":"publish","type":"post","link":"https:\/\/silverconferencecenter.pl\/index.php\/2023\/07\/19\/jazda-elektrycznymi-samochodami-przyszlosc-motoryzacji\/","title":{"rendered":"Jazda elektrycznymi samochodami &#8211; przysz\u0142o\u015b\u0107 motoryzacji?"},"content":{"rendered":"\n<p>Samochody elektryczne staj\u0105 si\u0119 coraz bardziej popularne na ca\u0142ym \u015bwiecie. Wraz z post\u0119puj\u0105cym rozwojem technologii, ich dost\u0119pno\u015b\u0107 i wydajno\u015b\u0107 ro\u015bnie, co sprawia, \u017ce coraz wi\u0119cej os\u00f3b zastanawia si\u0119 nad tym, czy warto inwestowa\u0107 w auto nap\u0119dzane energi\u0105 elektryczn\u0105.<\/p>\n\n\n\n<h2 class=\"wp-block-heading\">Czy warto inwestowa\u0107 w samochody elektryczne?<\/h2>\n\n\n\n<p>Przeszkod\u0105 dla wielu potencjalnych klient\u00f3w jest cena takiego pojazdu. Samochody elektryczne s\u0105 dro\u017csze od tradycyjnych aut spalinowych. Jednak\u017ce nale\u017cy pami\u0119ta\u0107 o d\u0142ugoterminowych korzy\u015bciach finansowych wynikaj\u0105cych z posiadania takiego pojazdu. Elektryczny samoch\u00f3d wymaga znacznie mniej kosztownych napraw mechanicznych ni\u017c konwencjonalny pojazd spalinowy oraz jest ta\u0144szy w eksploatacji &#8211; energia potrzebna do \u0142adowania akumulatora jest ta\u0144sza ni\u017c benzyna lub olej nap\u0119dowy.<\/p>\n\n\n\n<p>Kolejnym argumentem za zakupem samochodu elektrycznego jest tak\u017ce jego pozytywny wp\u0142yw na \u015brodowisko naturalne. Samochody te nie emituj\u0105 szkodliwych substancji do atmosfery i pomagaj\u0105 zmniejszy\u0107 nasz\u0105 zale\u017cno\u015b\u0107 od paliw kopalnych. Redukcja emisji CO2 to obecnie jedno z kluczowych wyzwa\u0144, przed kt\u00f3rymi stoi ca\u0142y \u015bwiat i samochody elektryczne mog\u0105 odegra\u0107 wa\u017cn\u0105 rol\u0119 w przeciwdzia\u0142aniu zmianom klimatycznym.<\/p>\n\n\n\n<h2 class=\"wp-block-heading\">Jak wygl\u0105da infrastruktura \u0142adowania dla samochod\u00f3w elektrycznych?<\/h2>\n\n\n\n<p>Jednym z powa\u017cniejszych problem\u00f3w, kt\u00f3re musz\u0105 zosta\u0107 rozwi\u0105zane w kontek\u015bcie rosn\u0105cej popularno\u015bci samochod\u00f3w elektrycznych, jest infrastruktura \u0142adowania. Obecnie stacje \u0142adowania s\u0105 jeszcze w mniejszo\u015bci i nie tak dost\u0119pne jak tradycyjne stacje benzynowe. Jednak\u017ce rz\u0105dy wielu pa\u0144stw inwestuj\u0105 w rozw\u00f3j sieci \u0142adowarek oraz wprowadzaj\u0105 ulgi podatkowe i inne zach\u0119ty maj\u0105ce na celu promowanie elektromobilno\u015bci.<\/p>\n\n\n\n<p>Przygotowanie si\u0119 do jazdy d\u0142ugodystansowej przy u\u017cyciu auta elektrycznego wymaga jeszcze planowania trasy uwzgl\u0119dniaj\u0105cego miejsca do ponownego na\u0142adowania akumulatora. Niekt\u00f3re modele oferuj\u0105 szybkie \u0142adowanie, dzi\u0119ki kt\u00f3remu mo\u017cna osi\u0105gn\u0105\u0107 pe\u0142ny poziom baterii w stosunkowo kr\u00f3tkim czasie (oko\u0142o 30-40 minut). Warto jednak mie\u0107 \u015bwiadomo\u015b\u0107 tego ograniczenia i odpowiednio zaplanowa\u0107 podr\u00f3\u017c.<\/p>\n\n\n\n<p>Podsumowuj\u0105c, samochody elektryczne to technologia przysz\u0142o\u015bci motoryzacji. Pomimo pocz\u0105tkowego kosztu zakupu, d\u0142ugoterminowe korzy\u015bci finansowe i pozytywny wp\u0142yw na \u015brodowisko naturalne sprawiaj\u0105, \u017ce warto zastanowi\u0107 si\u0119 nad tym rodzajem pojazdu. Infrastruktura \u0142adowania jest jeszcze w fazie rozwoju, ale liczba stacji \u0142adowania ro\u015bnie wraz z popularno\u015bci\u0105 elektromobilno\u015bci. W miar\u0119 up\u0142ywu czasu ta technologia b\u0119dzie coraz bardziej dost\u0119pna i konkurencyjna.<\/p>\n","protected":false},"excerpt":{"rendered":"<p>Samochody elektryczne staj\u0105 si\u0119 coraz bardziej popularne na ca\u0142ym \u015bwiecie. Wraz.<\/p>\n","protected":false},"author":1,"featured_media":25,"comment_status":"closed","ping_status":"closed","sticky":false,"template":"","format":"standard","meta":{"footnotes":""},"categories":[3],"tags":[],"class_list":["post-24","post","type-post","status-publish","format-standard","has-post-thumbnail","hentry","category-motoryzacja"],"yoast_head":"<!-- This site is optimized with the Yoast SEO plugin v27.4 - https:\/\/yoast.com\/product\/yoast-seo-wordpress\/ -->\n<title>Jazda elektrycznymi samochodami - przysz\u0142o\u015b\u0107 motoryzacji? - silverconferencecenter.pl<\/title>\n<meta name=\"robots\" content=\"index, follow, max-snippet:-1, max-image-preview:large, max-video-preview:-1\" \/>\n<link rel=\"canonical\" href=\"https:\/\/silverconferencecenter.pl\/index.php\/2023\/07\/19\/jazda-elektrycznymi-samochodami-przyszlosc-motoryzacji\/\" \/>\n<meta property=\"og:locale\" content=\"pl_PL\" \/>\n<meta property=\"og:type\" content=\"article\" \/>\n<meta property=\"og:title\" content=\"Jazda elektrycznymi samochodami - przysz\u0142o\u015b\u0107 motoryzacji? - silverconferencecenter.pl\" \/>\n<meta property=\"og:description\" content=\"Samochody elektryczne staj\u0105 si\u0119 coraz bardziej popularne na ca\u0142ym \u015bwiecie. Wraz.\" \/>\n<meta property=\"og:url\" content=\"https:\/\/silverconferencecenter.pl\/index.php\/2023\/07\/19\/jazda-elektrycznymi-samochodami-przyszlosc-motoryzacji\/\" \/>\n<meta property=\"og:site_name\" content=\"silverconferencecenter.pl\" \/>\n<meta property=\"article:published_time\" content=\"2023-07-19T08:52:10+00:00\" \/>\n<meta property=\"article:modified_time\" content=\"2023-07-19T08:52:11+00:00\" \/>\n<meta property=\"og:image\" content=\"https:\/\/silverconferencecenter.pl\/wp-content\/uploads\/2023\/07\/close-up-electric-car-charging-1.jpg\" \/>\n\t<meta property=\"og:image:width\" content=\"1500\" \/>\n\t<meta property=\"og:image:height\" content=\"1000\" \/>\n\t<meta property=\"og:image:type\" content=\"image\/jpeg\" \/>\n<meta name=\"author\" content=\"dev5e2\" \/>\n<meta name=\"twitter:card\" content=\"summary_large_image\" \/>\n<meta name=\"twitter:label1\" content=\"Napisane przez\" \/>\n\t<meta name=\"twitter:data1\" content=\"dev5e2\" \/>\n\t<meta name=\"twitter:label2\" content=\"Szacowany czas czytania\" \/>\n\t<meta name=\"twitter:data2\" content=\"2 minuty\" \/>\n<script type=\"application\/ld+json\" class=\"yoast-schema-graph\">{\"@context\":\"https:\\\/\\\/schema.org\",\"@graph\":[{\"@type\":\"Article\",\"@id\":\"https:\\\/\\\/silverconferencecenter.pl\\\/index.php\\\/2023\\\/07\\\/19\\\/jazda-elektrycznymi-samochodami-przyszlosc-motoryzacji\\\/#article\",\"isPartOf\":{\"@id\":\"https:\\\/\\\/silverconferencecenter.pl\\\/index.php\\\/2023\\\/07\\\/19\\\/jazda-elektrycznymi-samochodami-przyszlosc-motoryzacji\\\/\"},\"author\":{\"name\":\"dev5e2\",\"@id\":\"https:\\\/\\\/silverconferencecenter.pl\\\/#\\\/schema\\\/person\\\/7c2f28a22601778dbff70dfd8018b069\"},\"headline\":\"Jazda elektrycznymi samochodami &#8211; przysz\u0142o\u015b\u0107 motoryzacji?\",\"datePublished\":\"2023-07-19T08:52:10+00:00\",\"dateModified\":\"2023-07-19T08:52:11+00:00\",\"mainEntityOfPage\":{\"@id\":\"https:\\\/\\\/silverconferencecenter.pl\\\/index.php\\\/2023\\\/07\\\/19\\\/jazda-elektrycznymi-samochodami-przyszlosc-motoryzacji\\\/\"},\"wordCount\":402,\"publisher\":{\"@id\":\"https:\\\/\\\/silverconferencecenter.pl\\\/#organization\"},\"image\":{\"@id\":\"https:\\\/\\\/silverconferencecenter.pl\\\/index.php\\\/2023\\\/07\\\/19\\\/jazda-elektrycznymi-samochodami-przyszlosc-motoryzacji\\\/#primaryimage\"},\"thumbnailUrl\":\"https:\\\/\\\/silverconferencecenter.pl\\\/wp-content\\\/uploads\\\/2023\\\/07\\\/close-up-electric-car-charging-1.jpg\",\"articleSection\":[\"Motoryzacja\"],\"inLanguage\":\"pl-PL\"},{\"@type\":\"WebPage\",\"@id\":\"https:\\\/\\\/silverconferencecenter.pl\\\/index.php\\\/2023\\\/07\\\/19\\\/jazda-elektrycznymi-samochodami-przyszlosc-motoryzacji\\\/\",\"url\":\"https:\\\/\\\/silverconferencecenter.pl\\\/index.php\\\/2023\\\/07\\\/19\\\/jazda-elektrycznymi-samochodami-przyszlosc-motoryzacji\\\/\",\"name\":\"Jazda elektrycznymi samochodami - przysz\u0142o\u015b\u0107 motoryzacji? - silverconferencecenter.pl\",\"isPartOf\":{\"@id\":\"https:\\\/\\\/silverconferencecenter.pl\\\/#website\"},\"primaryImageOfPage\":{\"@id\":\"https:\\\/\\\/silverconferencecenter.pl\\\/index.php\\\/2023\\\/07\\\/19\\\/jazda-elektrycznymi-samochodami-przyszlosc-motoryzacji\\\/#primaryimage\"},\"image\":{\"@id\":\"https:\\\/\\\/silverconferencecenter.pl\\\/index.php\\\/2023\\\/07\\\/19\\\/jazda-elektrycznymi-samochodami-przyszlosc-motoryzacji\\\/#primaryimage\"},\"thumbnailUrl\":\"https:\\\/\\\/silverconferencecenter.pl\\\/wp-content\\\/uploads\\\/2023\\\/07\\\/close-up-electric-car-charging-1.jpg\",\"datePublished\":\"2023-07-19T08:52:10+00:00\",\"dateModified\":\"2023-07-19T08:52:11+00:00\",\"breadcrumb\":{\"@id\":\"https:\\\/\\\/silverconferencecenter.pl\\\/index.php\\\/2023\\\/07\\\/19\\\/jazda-elektrycznymi-samochodami-przyszlosc-motoryzacji\\\/#breadcrumb\"},\"inLanguage\":\"pl-PL\",\"potentialAction\":[{\"@type\":\"ReadAction\",\"target\":[\"https:\\\/\\\/silverconferencecenter.pl\\\/index.php\\\/2023\\\/07\\\/19\\\/jazda-elektrycznymi-samochodami-przyszlosc-motoryzacji\\\/\"]}]},{\"@type\":\"ImageObject\",\"inLanguage\":\"pl-PL\",\"@id\":\"https:\\\/\\\/silverconferencecenter.pl\\\/index.php\\\/2023\\\/07\\\/19\\\/jazda-elektrycznymi-samochodami-przyszlosc-motoryzacji\\\/#primaryimage\",\"url\":\"https:\\\/\\\/silverconferencecenter.pl\\\/wp-content\\\/uploads\\\/2023\\\/07\\\/close-up-electric-car-charging-1.jpg\",\"contentUrl\":\"https:\\\/\\\/silverconferencecenter.pl\\\/wp-content\\\/uploads\\\/2023\\\/07\\\/close-up-electric-car-charging-1.jpg\",\"width\":1500,\"height\":1000},{\"@type\":\"BreadcrumbList\",\"@id\":\"https:\\\/\\\/silverconferencecenter.pl\\\/index.php\\\/2023\\\/07\\\/19\\\/jazda-elektrycznymi-samochodami-przyszlosc-motoryzacji\\\/#breadcrumb\",\"itemListElement\":[{\"@type\":\"ListItem\",\"position\":1,\"name\":\"Strona g\u0142\u00f3wna\",\"item\":\"https:\\\/\\\/silverconferencecenter.pl\\\/\"},{\"@type\":\"ListItem\",\"position\":2,\"name\":\"Jazda elektrycznymi samochodami &#8211; przysz\u0142o\u015b\u0107 motoryzacji?\"}]},{\"@type\":\"WebSite\",\"@id\":\"https:\\\/\\\/silverconferencecenter.pl\\\/#website\",\"url\":\"https:\\\/\\\/silverconferencecenter.pl\\\/\",\"name\":\"silverconferencecenter.pl\",\"description\":\"Tw\u00f3j ulubiony blog!\",\"publisher\":{\"@id\":\"https:\\\/\\\/silverconferencecenter.pl\\\/#organization\"},\"potentialAction\":[{\"@type\":\"SearchAction\",\"target\":{\"@type\":\"EntryPoint\",\"urlTemplate\":\"https:\\\/\\\/silverconferencecenter.pl\\\/?s={search_term_string}\"},\"query-input\":{\"@type\":\"PropertyValueSpecification\",\"valueRequired\":true,\"valueName\":\"search_term_string\"}}],\"inLanguage\":\"pl-PL\"},{\"@type\":\"Organization\",\"@id\":\"https:\\\/\\\/silverconferencecenter.pl\\\/#organization\",\"name\":\"silverconferencecenter.pl\",\"url\":\"https:\\\/\\\/silverconferencecenter.pl\\\/\",\"logo\":{\"@type\":\"ImageObject\",\"inLanguage\":\"pl-PL\",\"@id\":\"https:\\\/\\\/silverconferencecenter.pl\\\/#\\\/schema\\\/logo\\\/image\\\/\",\"url\":\"https:\\\/\\\/silverconferencecenter.pl\\\/wp-content\\\/uploads\\\/2023\\\/07\\\/Screenshot-11.png\",\"contentUrl\":\"https:\\\/\\\/silverconferencecenter.pl\\\/wp-content\\\/uploads\\\/2023\\\/07\\\/Screenshot-11.png\",\"width\":486,\"height\":116,\"caption\":\"silverconferencecenter.pl\"},\"image\":{\"@id\":\"https:\\\/\\\/silverconferencecenter.pl\\\/#\\\/schema\\\/logo\\\/image\\\/\"}},{\"@type\":\"Person\",\"@id\":\"https:\\\/\\\/silverconferencecenter.pl\\\/#\\\/schema\\\/person\\\/7c2f28a22601778dbff70dfd8018b069\",\"name\":\"dev5e2\",\"image\":{\"@type\":\"ImageObject\",\"inLanguage\":\"pl-PL\",\"@id\":\"https:\\\/\\\/secure.gravatar.com\\\/avatar\\\/074e977b919a27539450977a304f65b9a1233c5635db562dd184870dbba1fbc0?s=96&d=mm&r=g\",\"url\":\"https:\\\/\\\/secure.gravatar.com\\\/avatar\\\/074e977b919a27539450977a304f65b9a1233c5635db562dd184870dbba1fbc0?s=96&d=mm&r=g\",\"contentUrl\":\"https:\\\/\\\/secure.gravatar.com\\\/avatar\\\/074e977b919a27539450977a304f65b9a1233c5635db562dd184870dbba1fbc0?s=96&d=mm&r=g\",\"caption\":\"dev5e2\"},\"sameAs\":[\"https:\\\/\\\/silverconferencecenter.pl\"]}]}<\/script>\n<!-- \/ Yoast SEO plugin. -->","yoast_head_json":{"title":"Jazda elektrycznymi samochodami - przysz\u0142o\u015b\u0107 motoryzacji? - silverconferencecenter.pl","robots":{"index":"index","follow":"follow","max-snippet":"max-snippet:-1","max-image-preview":"max-image-preview:large","max-video-preview":"max-video-preview:-1"},"canonical":"https:\/\/silverconferencecenter.pl\/index.php\/2023\/07\/19\/jazda-elektrycznymi-samochodami-przyszlosc-motoryzacji\/","og_locale":"pl_PL","og_type":"article","og_title":"Jazda elektrycznymi samochodami - przysz\u0142o\u015b\u0107 motoryzacji? - silverconferencecenter.pl","og_description":"Samochody elektryczne staj\u0105 si\u0119 coraz bardziej popularne na ca\u0142ym \u015bwiecie. Wraz.","og_url":"https:\/\/silverconferencecenter.pl\/index.php\/2023\/07\/19\/jazda-elektrycznymi-samochodami-przyszlosc-motoryzacji\/","og_site_name":"silverconferencecenter.pl","article_published_time":"2023-07-19T08:52:10+00:00","article_modified_time":"2023-07-19T08:52:11+00:00","og_image":[{"width":1500,"height":1000,"url":"https:\/\/silverconferencecenter.pl\/wp-content\/uploads\/2023\/07\/close-up-electric-car-charging-1.jpg","type":"image\/jpeg"}],"author":"dev5e2","twitter_card":"summary_large_image","twitter_misc":{"Napisane przez":"dev5e2","Szacowany czas czytania":"2 minuty"},"schema":{"@context":"https:\/\/schema.org","@graph":[{"@type":"Article","@id":"https:\/\/silverconferencecenter.pl\/index.php\/2023\/07\/19\/jazda-elektrycznymi-samochodami-przyszlosc-motoryzacji\/#article","isPartOf":{"@id":"https:\/\/silverconferencecenter.pl\/index.php\/2023\/07\/19\/jazda-elektrycznymi-samochodami-przyszlosc-motoryzacji\/"},"author":{"name":"dev5e2","@id":"https:\/\/silverconferencecenter.pl\/#\/schema\/person\/7c2f28a22601778dbff70dfd8018b069"},"headline":"Jazda elektrycznymi samochodami &#8211; przysz\u0142o\u015b\u0107 motoryzacji?","datePublished":"2023-07-19T08:52:10+00:00","dateModified":"2023-07-19T08:52:11+00:00","mainEntityOfPage":{"@id":"https:\/\/silverconferencecenter.pl\/index.php\/2023\/07\/19\/jazda-elektrycznymi-samochodami-przyszlosc-motoryzacji\/"},"wordCount":402,"publisher":{"@id":"https:\/\/silverconferencecenter.pl\/#organization"},"image":{"@id":"https:\/\/silverconferencecenter.pl\/index.php\/2023\/07\/19\/jazda-elektrycznymi-samochodami-przyszlosc-motoryzacji\/#primaryimage"},"thumbnailUrl":"https:\/\/silverconferencecenter.pl\/wp-content\/uploads\/2023\/07\/close-up-electric-car-charging-1.jpg","articleSection":["Motoryzacja"],"inLanguage":"pl-PL"},{"@type":"WebPage","@id":"https:\/\/silverconferencecenter.pl\/index.php\/2023\/07\/19\/jazda-elektrycznymi-samochodami-przyszlosc-motoryzacji\/","url":"https:\/\/silverconferencecenter.pl\/index.php\/2023\/07\/19\/jazda-elektrycznymi-samochodami-przyszlosc-motoryzacji\/","name":"Jazda elektrycznymi samochodami - przysz\u0142o\u015b\u0107 motoryzacji? - silverconferencecenter.pl","isPartOf":{"@id":"https:\/\/silverconferencecenter.pl\/#website"},"primaryImageOfPage":{"@id":"https:\/\/silverconferencecenter.pl\/index.php\/2023\/07\/19\/jazda-elektrycznymi-samochodami-przyszlosc-motoryzacji\/#primaryimage"},"image":{"@id":"https:\/\/silverconferencecenter.pl\/index.php\/2023\/07\/19\/jazda-elektrycznymi-samochodami-przyszlosc-motoryzacji\/#primaryimage"},"thumbnailUrl":"https:\/\/silverconferencecenter.pl\/wp-content\/uploads\/2023\/07\/close-up-electric-car-charging-1.jpg","datePublished":"2023-07-19T08:52:10+00:00","dateModified":"2023-07-19T08:52:11+00:00","breadcrumb":{"@id":"https:\/\/silverconferencecenter.pl\/index.php\/2023\/07\/19\/jazda-elektrycznymi-samochodami-przyszlosc-motoryzacji\/#breadcrumb"},"inLanguage":"pl-PL","potentialAction":[{"@type":"ReadAction","target":["https:\/\/silverconferencecenter.pl\/index.php\/2023\/07\/19\/jazda-elektrycznymi-samochodami-przyszlosc-motoryzacji\/"]}]},{"@type":"ImageObject","inLanguage":"pl-PL","@id":"https:\/\/silverconferencecenter.pl\/index.php\/2023\/07\/19\/jazda-elektrycznymi-samochodami-przyszlosc-motoryzacji\/#primaryimage","url":"https:\/\/silverconferencecenter.pl\/wp-content\/uploads\/2023\/07\/close-up-electric-car-charging-1.jpg","contentUrl":"https:\/\/silverconferencecenter.pl\/wp-content\/uploads\/2023\/07\/close-up-electric-car-charging-1.jpg","width":1500,"height":1000},{"@type":"BreadcrumbList","@id":"https:\/\/silverconferencecenter.pl\/index.php\/2023\/07\/19\/jazda-elektrycznymi-samochodami-przyszlosc-motoryzacji\/#breadcrumb","itemListElement":[{"@type":"ListItem","position":1,"name":"Strona g\u0142\u00f3wna","item":"https:\/\/silverconferencecenter.pl\/"},{"@type":"ListItem","position":2,"name":"Jazda elektrycznymi samochodami &#8211; przysz\u0142o\u015b\u0107 motoryzacji?"}]},{"@type":"WebSite","@id":"https:\/\/silverconferencecenter.pl\/#website","url":"https:\/\/silverconferencecenter.pl\/","name":"silverconferencecenter.pl","description":"Tw\u00f3j ulubiony blog!","publisher":{"@id":"https:\/\/silverconferencecenter.pl\/#organization"},"potentialAction":[{"@type":"SearchAction","target":{"@type":"EntryPoint","urlTemplate":"https:\/\/silverconferencecenter.pl\/?s={search_term_string}"},"query-input":{"@type":"PropertyValueSpecification","valueRequired":true,"valueName":"search_term_string"}}],"inLanguage":"pl-PL"},{"@type":"Organization","@id":"https:\/\/silverconferencecenter.pl\/#organization","name":"silverconferencecenter.pl","url":"https:\/\/silverconferencecenter.pl\/","logo":{"@type":"ImageObject","inLanguage":"pl-PL","@id":"https:\/\/silverconferencecenter.pl\/#\/schema\/logo\/image\/","url":"https:\/\/silverconferencecenter.pl\/wp-content\/uploads\/2023\/07\/Screenshot-11.png","contentUrl":"https:\/\/silverconferencecenter.pl\/wp-content\/uploads\/2023\/07\/Screenshot-11.png","width":486,"height":116,"caption":"silverconferencecenter.pl"},"image":{"@id":"https:\/\/silverconferencecenter.pl\/#\/schema\/logo\/image\/"}},{"@type":"Person","@id":"https:\/\/silverconferencecenter.pl\/#\/schema\/person\/7c2f28a22601778dbff70dfd8018b069","name":"dev5e2","image":{"@type":"ImageObject","inLanguage":"pl-PL","@id":"https:\/\/secure.gravatar.com\/avatar\/074e977b919a27539450977a304f65b9a1233c5635db562dd184870dbba1fbc0?s=96&d=mm&r=g","url":"https:\/\/secure.gravatar.com\/avatar\/074e977b919a27539450977a304f65b9a1233c5635db562dd184870dbba1fbc0?s=96&d=mm&r=g","contentUrl":"https:\/\/secure.gravatar.com\/avatar\/074e977b919a27539450977a304f65b9a1233c5635db562dd184870dbba1fbc0?s=96&d=mm&r=g","caption":"dev5e2"},"sameAs":["https:\/\/silverconferencecenter.pl"]}]}},"_links":{"self":[{"href":"https:\/\/silverconferencecenter.pl\/index.php\/wp-json\/wp\/v2\/posts\/24","targetHints":{"allow":["GET"]}}],"collection":[{"href":"https:\/\/silverconferencecenter.pl\/index.php\/wp-json\/wp\/v2\/posts"}],"about":[{"href":"https:\/\/silverconferencecenter.pl\/index.php\/wp-json\/wp\/v2\/types\/post"}],"author":[{"embeddable":true,"href":"https:\/\/silverconferencecenter.pl\/index.php\/wp-json\/wp\/v2\/users\/1"}],"replies":[{"embeddable":true,"href":"https:\/\/silverconferencecenter.pl\/index.php\/wp-json\/wp\/v2\/comments?post=24"}],"version-history":[{"count":1,"href":"https:\/\/silverconferencecenter.pl\/index.php\/wp-json\/wp\/v2\/posts\/24\/revisions"}],"predecessor-version":[{"id":26,"href":"https:\/\/silverconferencecenter.pl\/index.php\/wp-json\/wp\/v2\/posts\/24\/revisions\/26"}],"wp:featuredmedia":[{"embeddable":true,"href":"https:\/\/silverconferencecenter.pl\/index.php\/wp-json\/wp\/v2\/media\/25"}],"wp:attachment":[{"href":"https:\/\/silverconferencecenter.pl\/index.php\/wp-json\/wp\/v2\/media?parent=24"}],"wp:term":[{"taxonomy":"category","embeddable":true,"href":"https:\/\/silverconferencecenter.pl\/index.php\/wp-json\/wp\/v2\/categories?post=24"},{"taxonomy":"post_tag","embeddable":true,"href":"https:\/\/silverconferencecenter.pl\/index.php\/wp-json\/wp\/v2\/tags?post=24"}],"curies":[{"name":"wp","href":"https:\/\/api.w.org\/{rel}","templated":true}]}}